{"id":4765,"date":"2020-02-20T12:44:53","date_gmt":"2020-02-20T10:44:53","guid":{"rendered":"https:\/\/www.medichin.be\/?p=4765"},"modified":"2020-02-20T12:47:16","modified_gmt":"2020-02-20T10:47:16","slug":"securite-alimentaire","status":"publish","type":"post","link":"https:\/\/www.medichin.be\/fr\/securite-alimentaire\/","title":{"rendered":"La S\u00e9curit\u00e9 alimentaire"},"content":{"rendered":"<p>[vc_row][vc_column width=\u00a0\u00bb1\/2&Prime;][vc_single_image image=\u00a0\u00bb4305&Prime; img_size=\u00a0\u00bb800&#215;600&Prime;][\/vc_column][vc_column width=\u00a0\u00bb1\/2&Prime;][vc_column_text]<\/p>\n<h2>Depuis de nombreuses ann\u00e9es, Medichin dispose d&rsquo;un syst\u00e8me d&rsquo;autocontrole complet. Un syst\u00e8me faisant attention aux instructions et proc\u00e9dures de travail, \u00e0 les bonnes pratiques d&rsquo;hygi\u00e8ne et de production, ainsi qu&rsquo;au HACCP.<\/h2>\n<p>[\/vc_column_text][vc_column_text]Continuer \u00e0 apprendre est indispensable. Dave et Sara ont suivi un cours de s\u00e9curit\u00e9 alimentaire \u00e0 l&rsquo;institut PXL Green &amp; Tech. Ce cours fait partie de la formation bachelier en agronomie et biotechnologie.[\/vc_column_text][vc_column_text]<\/p>\n<p class=\"p1\"><span class=\"s1\">Au cours des journ\u00e9es de formation, on a trait\u00e9 en d\u00e9tail les diff\u00e9rents aspects de la s\u00e9curit\u00e9 alimentaire. Tou d&rsquo;abord, les sujets li\u00e9s au HACCP\u00a0 (l&rsquo;analyse des dangers et la d\u00e9termination des points critiques) ont \u00e9t\u00e9 abord\u00e9s. Dans la deuxi\u00e8me partie du cours, les aspects juridiques li\u00e9s \u00e0 la s\u00e9curit\u00e9 alimentaire et \u00e0 l&rsquo;hygi\u00e8ne ont \u00e9t\u00e9 discut\u00e9s. La troisi\u00e8me partie se concentre sur les normes de s\u00e9curit\u00e9 des aliments industriels. Pour conclure les diff\u00e9rents syst\u00e8mes de soutien qui contribuent \u00e0 la s\u00e9curit\u00e9 des aliments ont \u00e9t\u00e9 expos\u00e9s.<\/span><\/p>\n<p>[\/vc_column_text][vc_column_text]<\/p>\n<p class=\"p1\"><span class=\"s1\">En suivant ce cours, incluant beaucoup d&rsquo;information pratique, nos bases sont devenues encore plus solides. Nous sommes \u00e0 jour concernant la fa\u00e7on de nous conformer aux exigences de la l\u00e9gislation sur la s\u00e9curit\u00e9 alimentaire et comment nous pouvons conr\u00e9tiser mieux les attentes de nos clients! <\/span><\/p>\n<p>[\/vc_column_text][\/vc_column][\/vc_row]<\/p>\n","protected":false},"excerpt":{"rendered":"<p>La s\u00e9curit\u00e9 alimentaire, d&rsquo;une importance vitale pour tous!<\/p>\n","protected":false},"author":16,"featured_media":4766,"comment_status":"open","ping_status":"closed","sticky":false,"template":"","format":"standard","meta":{"_acf_changed":false,"footnotes":""},"categories":[],"tags":[],"class_list":["post-4765","post","type-post","status-publish","format-standard","has-post-thumbnail","hentry"],"acf":[],"yoast_head":"<!-- This site is optimized with the Yoast SEO plugin v22.0 - https:\/\/yoast.com\/wordpress\/plugins\/seo\/ -->\n<title>La S\u00e9curit\u00e9 alimentaire &#8226; Medichin NV\/SA<\/title>\n<meta name=\"robots\" content=\"index, follow, max-snippet:-1, max-image-preview:large, max-video-preview:-1\" \/>\n<link rel=\"canonical\" href=\"https:\/\/www.medichin.be\/fr\/securite-alimentaire\/\" \/>\n<meta property=\"og:locale\" content=\"fr_FR\" \/>\n<meta property=\"og:type\" content=\"article\" \/>\n<meta property=\"og:title\" content=\"La S\u00e9curit\u00e9 alimentaire &#8226; Medichin NV\/SA\" \/>\n<meta property=\"og:description\" content=\"La s\u00e9curit\u00e9 alimentaire, d&#039;une importance vitale pour tous!\" \/>\n<meta property=\"og:url\" content=\"https:\/\/www.medichin.be\/fr\/securite-alimentaire\/\" \/>\n<meta property=\"og:site_name\" content=\"Medichin NV\/SA\" \/>\n<meta property=\"article:published_time\" content=\"2020-02-20T10:44:53+00:00\" \/>\n<meta property=\"article:modified_time\" content=\"2020-02-20T10:47:16+00:00\" \/>\n<meta property=\"og:image\" content=\"https:\/\/www.medichin.be\/wp-content\/uploads\/shutterstock-730474690.jpg\" \/>\n\t<meta property=\"og:image:width\" content=\"2048\" \/>\n\t<meta property=\"og:image:height\" content=\"683\" \/>\n\t<meta property=\"og:image:type\" content=\"image\/jpeg\" \/>\n<meta name=\"author\" content=\"medichin\" \/>\n<meta name=\"twitter:card\" content=\"summary_large_image\" \/>\n<meta name=\"twitter:label1\" content=\"\u00c9crit par\" \/>\n\t<meta name=\"twitter:data1\" content=\"medichin\" \/>\n\t<meta name=\"twitter:label2\" content=\"Dur\u00e9e de lecture estim\u00e9e\" \/>\n\t<meta name=\"twitter:data2\" content=\"1 minute\" \/>\n<script type=\"application\/ld+json\" class=\"yoast-schema-graph\">{\"@context\":\"https:\/\/schema.org\",\"@graph\":[{\"@type\":\"WebPage\",\"@id\":\"https:\/\/www.medichin.be\/fr\/securite-alimentaire\/\",\"url\":\"https:\/\/www.medichin.be\/fr\/securite-alimentaire\/\",\"name\":\"La S\u00e9curit\u00e9 alimentaire &#8226; Medichin NV\/SA\",\"isPartOf\":{\"@id\":\"https:\/\/www.medichin.be\/fr\/#website\"},\"datePublished\":\"2020-02-20T10:44:53+00:00\",\"dateModified\":\"2020-02-20T10:47:16+00:00\",\"author\":{\"@id\":\"https:\/\/www.medichin.be\/fr\/#\/schema\/person\/780660bea62d346c06faff97077c3275\"},\"breadcrumb\":{\"@id\":\"https:\/\/www.medichin.be\/fr\/securite-alimentaire\/#breadcrumb\"},\"inLanguage\":\"fr-FR\",\"potentialAction\":[{\"@type\":\"ReadAction\",\"target\":[\"https:\/\/www.medichin.be\/fr\/securite-alimentaire\/\"]}]},{\"@type\":\"BreadcrumbList\",\"@id\":\"https:\/\/www.medichin.be\/fr\/securite-alimentaire\/#breadcrumb\",\"itemListElement\":[{\"@type\":\"ListItem\",\"position\":1,\"name\":\"Home\",\"item\":\"https:\/\/www.medichin.be\/fr\/\"},{\"@type\":\"ListItem\",\"position\":2,\"name\":\"La S\u00e9curit\u00e9 alimentaire\"}]},{\"@type\":\"WebSite\",\"@id\":\"https:\/\/www.medichin.be\/fr\/#website\",\"url\":\"https:\/\/www.medichin.be\/fr\/\",\"name\":\"Medichin NV\/SA\",\"description\":\"\",\"potentialAction\":[{\"@type\":\"SearchAction\",\"target\":{\"@type\":\"EntryPoint\",\"urlTemplate\":\"https:\/\/www.medichin.be\/fr\/?s={search_term_string}\"},\"query-input\":\"required name=search_term_string\"}],\"inLanguage\":\"fr-FR\"},{\"@type\":\"Person\",\"@id\":\"https:\/\/www.medichin.be\/fr\/#\/schema\/person\/780660bea62d346c06faff97077c3275\",\"name\":\"medichin\",\"image\":{\"@type\":\"ImageObject\",\"inLanguage\":\"fr-FR\",\"@id\":\"https:\/\/www.medichin.be\/fr\/#\/schema\/person\/image\/\",\"url\":\"https:\/\/secure.gravatar.com\/avatar\/d03ab66c51ea2ef89bfb7359b510b9c9?s=96&d=mm&r=g\",\"contentUrl\":\"https:\/\/secure.gravatar.com\/avatar\/d03ab66c51ea2ef89bfb7359b510b9c9?s=96&d=mm&r=g\",\"caption\":\"medichin\"}}]}<\/script>\n<!-- \/ Yoast SEO plugin. -->","yoast_head_json":{"title":"La S\u00e9curit\u00e9 alimentaire &#8226; Medichin NV\/SA","robots":{"index":"index","follow":"follow","max-snippet":"max-snippet:-1","max-image-preview":"max-image-preview:large","max-video-preview":"max-video-preview:-1"},"canonical":"https:\/\/www.medichin.be\/fr\/securite-alimentaire\/","og_locale":"fr_FR","og_type":"article","og_title":"La S\u00e9curit\u00e9 alimentaire &#8226; Medichin NV\/SA","og_description":"La s\u00e9curit\u00e9 alimentaire, d'une importance vitale pour tous!","og_url":"https:\/\/www.medichin.be\/fr\/securite-alimentaire\/","og_site_name":"Medichin NV\/SA","article_published_time":"2020-02-20T10:44:53+00:00","article_modified_time":"2020-02-20T10:47:16+00:00","og_image":[{"width":2048,"height":683,"url":"https:\/\/www.medichin.be\/wp-content\/uploads\/shutterstock-730474690.jpg","type":"image\/jpeg"}],"author":"medichin","twitter_card":"summary_large_image","twitter_misc":{"\u00c9crit par":"medichin","Dur\u00e9e de lecture estim\u00e9e":"1 minute"},"schema":{"@context":"https:\/\/schema.org","@graph":[{"@type":"WebPage","@id":"https:\/\/www.medichin.be\/fr\/securite-alimentaire\/","url":"https:\/\/www.medichin.be\/fr\/securite-alimentaire\/","name":"La S\u00e9curit\u00e9 alimentaire &#8226; Medichin NV\/SA","isPartOf":{"@id":"https:\/\/www.medichin.be\/fr\/#website"},"datePublished":"2020-02-20T10:44:53+00:00","dateModified":"2020-02-20T10:47:16+00:00","author":{"@id":"https:\/\/www.medichin.be\/fr\/#\/schema\/person\/780660bea62d346c06faff97077c3275"},"breadcrumb":{"@id":"https:\/\/www.medichin.be\/fr\/securite-alimentaire\/#breadcrumb"},"inLanguage":"fr-FR","potentialAction":[{"@type":"ReadAction","target":["https:\/\/www.medichin.be\/fr\/securite-alimentaire\/"]}]},{"@type":"BreadcrumbList","@id":"https:\/\/www.medichin.be\/fr\/securite-alimentaire\/#breadcrumb","itemListElement":[{"@type":"ListItem","position":1,"name":"Home","item":"https:\/\/www.medichin.be\/fr\/"},{"@type":"ListItem","position":2,"name":"La S\u00e9curit\u00e9 alimentaire"}]},{"@type":"WebSite","@id":"https:\/\/www.medichin.be\/fr\/#website","url":"https:\/\/www.medichin.be\/fr\/","name":"Medichin NV\/SA","description":"","potentialAction":[{"@type":"SearchAction","target":{"@type":"EntryPoint","urlTemplate":"https:\/\/www.medichin.be\/fr\/?s={search_term_string}"},"query-input":"required name=search_term_string"}],"inLanguage":"fr-FR"},{"@type":"Person","@id":"https:\/\/www.medichin.be\/fr\/#\/schema\/person\/780660bea62d346c06faff97077c3275","name":"medichin","image":{"@type":"ImageObject","inLanguage":"fr-FR","@id":"https:\/\/www.medichin.be\/fr\/#\/schema\/person\/image\/","url":"https:\/\/secure.gravatar.com\/avatar\/d03ab66c51ea2ef89bfb7359b510b9c9?s=96&d=mm&r=g","contentUrl":"https:\/\/secure.gravatar.com\/avatar\/d03ab66c51ea2ef89bfb7359b510b9c9?s=96&d=mm&r=g","caption":"medichin"}}]}},"_links":{"self":[{"href":"https:\/\/www.medichin.be\/fr\/wp-json\/wp\/v2\/posts\/4765","targetHints":{"allow":["GET"]}}],"collection":[{"href":"https:\/\/www.medichin.be\/fr\/wp-json\/wp\/v2\/posts"}],"about":[{"href":"https:\/\/www.medichin.be\/fr\/wp-json\/wp\/v2\/types\/post"}],"author":[{"embeddable":true,"href":"https:\/\/www.medichin.be\/fr\/wp-json\/wp\/v2\/users\/16"}],"replies":[{"embeddable":true,"href":"https:\/\/www.medichin.be\/fr\/wp-json\/wp\/v2\/comments?post=4765"}],"version-history":[{"count":4,"href":"https:\/\/www.medichin.be\/fr\/wp-json\/wp\/v2\/posts\/4765\/revisions"}],"predecessor-version":[{"id":4818,"href":"https:\/\/www.medichin.be\/fr\/wp-json\/wp\/v2\/posts\/4765\/revisions\/4818"}],"wp:featuredmedia":[{"embeddable":true,"href":"https:\/\/www.medichin.be\/fr\/wp-json\/wp\/v2\/media\/4766"}],"wp:attachment":[{"href":"https:\/\/www.medichin.be\/fr\/wp-json\/wp\/v2\/media?parent=4765"}],"wp:term":[{"taxonomy":"category","embeddable":true,"href":"https:\/\/www.medichin.be\/fr\/wp-json\/wp\/v2\/categories?post=4765"},{"taxonomy":"post_tag","embeddable":true,"href":"https:\/\/www.medichin.be\/fr\/wp-json\/wp\/v2\/tags?post=4765"}],"curies":[{"name":"wp","href":"https:\/\/api.w.org\/{rel}","templated":true}]}}